{"id":5076,"date":"2024-07-01T10:31:16","date_gmt":"2024-07-01T08:31:16","guid":{"rendered":"https:\/\/www.lycee-mariecurie.org\/?p=5076"},"modified":"2024-07-02T10:43:23","modified_gmt":"2024-07-02T08:43:23","slug":"de-belfort-a-auschwitz-itineraire-dune-famille-juive-dorigine-polonaise","status":"publish","type":"post","link":"https:\/\/www.lycee-mariecurie.org\/index.php\/2024\/07\/01\/de-belfort-a-auschwitz-itineraire-dune-famille-juive-dorigine-polonaise\/","title":{"rendered":"\u00ab\u00a0De Belfort \u00e0 Auschwitz : Itin\u00e9raire d&rsquo;une famille juive d&rsquo;origine polonaise\u00a0\u00bb"},"content":{"rendered":"\n<p>Toute l&rsquo;ann\u00e9e la classe de terminale 6 a suivi l&rsquo;itin\u00e9raire de 4 d\u00e9port\u00e9s belfortains, d&rsquo;origine polonaise, r\u00e9pondant ainsi \u00e0 l&rsquo;appel \u00e0 projet de la R\u00e9gion Grand Est et du M\u00e9morial de la shoah \u00e0 Paris.<\/p>\n\n\n\n<p>Le r\u00e9sultat de cette ann\u00e9e de travail m\u00e9moriel est un film documentaire que les \u00e9l\u00e8ves ont r\u00e9alis\u00e9 sur l&rsquo;ensemble du projet, des s\u00e9ances d&rsquo;\u00e9tudes au CDI jusqu&rsquo;aux rencontres avec les descendants des d\u00e9port\u00e9s, en passant bien s\u00fbr par la journ\u00e9e d&rsquo;\u00e9tudes au M\u00e9morial de la Shoah et sur le site d&rsquo;Auschwitz-Birkenau.<\/p>\n\n\n\n<p>Un immense merci \u00e0 nos partenaires, le M\u00e9morial de la Shoah \u00e0 Paris et la R\u00e9gion Grand Est, aux t\u00e9moins rencontr\u00e9s, Pierre Michel Kahn et H\u00e9l\u00e8ne Truchot, aux intervevants, Romain Blandre et Daniel Lemler, \u00e0 Val\u00e9rie Vial de Radio Juda\u00efca Strasbourg qui a suivi le projet, aux \u00e9l\u00e8ves de la section musique du lyc\u00e9e pour la musique et la bande son, aux enseignant.e.s qui ont encadr\u00e9 le projet et bien \u00e9videmment \u00e0 l&rsquo;ensemble des \u00e9l\u00e8ves.<\/p>\n\n\n\n<figure class=\"wp-block-embed is-type-video is-provider-youtube wp-block-embed-youtube wp-embed-aspect-4-3 wp-has-aspect-ratio\"><div class=\"wp-block-embed__wrapper\">\n<iframe loading=\"lazy\" title=\"&quot;De Belfort \u00e0 Auschwitz   Itin\u00e9raire d&#039;une famille juive d&#039;origine polonaise&quot;\" width=\"640\" height=\"360\" src=\"https:\/\/www.youtube.com\/embed\/s45HpCHv_qU?feature=oembed\" frameborder=\"0\" allow=\"accelerometer; autoplay; clipboard-write; encrypted-media; gyroscope; picture-in-picture; web-share\" referrerpolicy=\"strict-origin-when-cross-origin\" allowfullscreen><\/iframe>\n<\/div><\/figure>\n\n\n\n<p><\/p>\n","protected":false},"excerpt":{"rendered":"<p>Toute l&rsquo;ann\u00e9e la classe de terminale 6 a suivi l&rsquo;itin\u00e9raire de 4 d\u00e9port\u00e9s belfortains, d&rsquo;origine polonaise, r\u00e9pondant ainsi \u00e0 l&rsquo;appel \u00e0 projet de la R\u00e9gion Grand Est et du M\u00e9morial de la shoah \u00e0 Paris. Le r\u00e9sultat de cette ann\u00e9e&#8230;<\/p>\n","protected":false},"author":15,"featured_media":4539,"comment_status":"closed","ping_status":"closed","sticky":false,"template":"","format":"standard","meta":{"footnotes":""},"categories":[1],"tags":[],"class_list":["post-5076","post","type-post","status-publish","format-standard","has-post-thumbnail","hentry","category-non-classe"],"_links":{"self":[{"href":"https:\/\/www.lycee-mariecurie.org\/index.php\/wp-json\/wp\/v2\/posts\/5076","targetHints":{"allow":["GET"]}}],"collection":[{"href":"https:\/\/www.lycee-mariecurie.org\/index.php\/wp-json\/wp\/v2\/posts"}],"about":[{"href":"https:\/\/www.lycee-mariecurie.org\/index.php\/wp-json\/wp\/v2\/types\/post"}],"author":[{"embeddable":true,"href":"https:\/\/www.lycee-mariecurie.org\/index.php\/wp-json\/wp\/v2\/users\/15"}],"replies":[{"embeddable":true,"href":"https:\/\/www.lycee-mariecurie.org\/index.php\/wp-json\/wp\/v2\/comments?post=5076"}],"version-history":[{"count":4,"href":"https:\/\/www.lycee-mariecurie.org\/index.php\/wp-json\/wp\/v2\/posts\/5076\/revisions"}],"predecessor-version":[{"id":5082,"href":"https:\/\/www.lycee-mariecurie.org\/index.php\/wp-json\/wp\/v2\/posts\/5076\/revisions\/5082"}],"wp:featuredmedia":[{"embeddable":true,"href":"https:\/\/www.lycee-mariecurie.org\/index.php\/wp-json\/wp\/v2\/media\/4539"}],"wp:attachment":[{"href":"https:\/\/www.lycee-mariecurie.org\/index.php\/wp-json\/wp\/v2\/media?parent=5076"}],"wp:term":[{"taxonomy":"category","embeddable":true,"href":"https:\/\/www.lycee-mariecurie.org\/index.php\/wp-json\/wp\/v2\/categories?post=5076"},{"taxonomy":"post_tag","embeddable":true,"href":"https:\/\/www.lycee-mariecurie.org\/index.php\/wp-json\/wp\/v2\/tags?post=5076"}],"curies":[{"name":"wp","href":"https:\/\/api.w.org\/{rel}","templated":true}]}}