{"id":4,"date":"2013-09-10T21:59:00","date_gmt":"2013-09-10T19:59:00","guid":{"rendered":"http:\/\/wpress.lycee-mariecurie.org\/index.php\/2013\/09\/10\/son-rale\/"},"modified":"2013-09-10T21:59:00","modified_gmt":"2013-09-10T19:59:00","slug":"son-rale","status":"publish","type":"post","link":"https:\/\/www.lycee-mariecurie.org\/index.php\/2013\/09\/10\/son-rale\/","title":{"rendered":"Son r\u00f4le"},"content":{"rendered":"<h2>La Vie Scolaire<\/h2>\n<p><strong>Une Equipe :<\/strong> compos\u00e9e de deux Conseillers Principaux d&rsquo;Education et d&rsquo;assistants d&rsquo;\u00e9ducation.<\/p>\n<p><strong>Des Objectifs : <\/strong>qui visent \u00e0 promouvoir dans l&rsquo;\u00e9tablissement une r\u00e9elle<br \/>\nqualit\u00e9 de vie en autonomie et une ambiance propice au travail \u00e0 travers<br \/>\ndes notions de respect et d&rsquo; \u00e9tat d&rsquo;esprit positif :<br \/>\n-Accompagner les \u00e9l\u00e8ves en visant l&rsquo;\u00e9thique du comportement et<br \/>\nl&rsquo;apprentissage des r\u00f4les sociaux <br \/>\n-Garantir une \u00e9coute, une aide et un suivi personnalis\u00e9 <br \/>\n-Accueillir, informer, guider dans un climat de confiance et<br \/>\nd&rsquo;autodiscipline <br \/>\n-Surveiller dans le sens de \u00ab\u00a0veiller sur\u00a0\u00bb.<br \/>\n<strong><br \/>\nDes Actions : <\/strong>mises en oeuvre dans les domaines de l&rsquo; :<\/p>\n<p><strong>Administration de la Vie Scolaire <\/strong><br \/>\nGestion et contr\u00f4le informatis\u00e9s de la ponctualit\u00e9 et de l&rsquo;assiduit\u00e9. <br \/>\nCommunication syst\u00e9matique avec les familles <br \/>\nRelais au niveau de la transmission des informations :\u00a0\u00bbBo\u00eete aux lettres\u00a0\u00bb pour chaque classe ,<br \/>\naffichage sp\u00e9cialis\u00e9 et diversifi\u00e9. <br \/>\nAccueil et disponibilit\u00e9 visant \u00e0 la r\u00e9solution de divers types de<br \/>\nprobl\u00e8mes et \u00e0 la bonne marche g\u00e9n\u00e9rale de la vie lyc\u00e9enne.<\/p>\n<p><strong>Animation \u00e9ducative <\/strong><br \/>\nFormation des d\u00e9l\u00e9gu\u00e9s de classe ouverte sur la citoyennet\u00e9, l&rsquo;autonomie et la libert\u00e9.<br \/>\nParticipation et concertation qui favorisent l&rsquo;expression de l&rsquo;esprit<br \/>\ncivique et d\u00e9mocratique, la repr\u00e9sentation et la prise de<br \/>\nresponsabilit\u00e9s.<br \/>\nAide en mati\u00e8re d&rsquo;organisation et de mise en oeuvre de projets en dehors des<br \/>\nheures de cours notamment au niveau du Foyer Socio-Educatif.<br \/>\nPromotion d&rsquo;une gestion en responsabilit\u00e9 des diff\u00e9rents lieux de vie et de<br \/>\nd\u00e9tente offerts aux \u00e9l\u00e8ves :<br \/>\n-Salles d&rsquo;\u00e9tude et Foyer des \u00e9l\u00e8ves <br \/>\n-Cour ombrag\u00e9e, terrain de sports <br \/>\n-Pr\u00e9au \u00e9quip\u00e9 de casiers individuels.<\/p>\n<p><strong>Collaboration avec les partenaires de la communaut\u00e9 \u00e9ducative <\/strong><br\n\/><br \/>\nExamen du comportement, des r\u00e9sultats, des conditions de travail des \u00e9l\u00e8ves<br \/>\nen vue d&rsquo;\u00e9tablir une relation d&rsquo;aide visant l&rsquo;\u00e9volution personnelle dans le<br \/>\nsens d&rsquo;une meilleure adaptation sociale.<br \/>\nCollaboration \u00e9troite avec les services m\u00e9dico-social et d&rsquo;orientation <br \/>\nSuivi de la vie des classes en s&rsquo;associant \u00e0 diff\u00e9rentes actions \u00e9ducatives<br \/>\net p\u00e9dagogiques.<br \/>\nIntervention au niveau des processus d&rsquo;orientation en aidant les \u00e9l\u00e8ves \u00e0<br \/>\nstructurer et \u00e9laborer leur projet personnel. \u00c9ducation aux choix.<\/p>\n","protected":false},"excerpt":{"rendered":"<p>La Vie Scolaire Une Equipe : compos\u00e9e de deux Conseillers Principaux d&rsquo;Education et d&rsquo;assistants d&rsquo;\u00e9ducation. Des Objectifs : qui visent \u00e0 promouvoir dans l&rsquo;\u00e9tablissement une r\u00e9elle qualit\u00e9 de vie en autonomie et une ambiance propice au travail \u00e0 travers des&#8230;<\/p>\n","protected":false},"author":1,"featured_media":0,"comment_status":"closed","ping_status":"open","sticky":false,"template":"","format":"standard","meta":{"footnotes":""},"categories":[8],"tags":[],"class_list":["post-4","post","type-post","status-publish","format-standard","hentry","category-la-vie-scolaire","no-post-thumbnail"],"_links":{"self":[{"href":"https:\/\/www.lycee-mariecurie.org\/index.php\/wp-json\/wp\/v2\/posts\/4","targetHints":{"allow":["GET"]}}],"collection":[{"href":"https:\/\/www.lycee-mariecurie.org\/index.php\/wp-json\/wp\/v2\/posts"}],"about":[{"href":"https:\/\/www.lycee-mariecurie.org\/index.php\/wp-json\/wp\/v2\/types\/post"}],"author":[{"embeddable":true,"href":"https:\/\/www.lycee-mariecurie.org\/index.php\/wp-json\/wp\/v2\/users\/1"}],"replies":[{"embeddable":true,"href":"https:\/\/www.lycee-mariecurie.org\/index.php\/wp-json\/wp\/v2\/comments?post=4"}],"version-history":[{"count":0,"href":"https:\/\/www.lycee-mariecurie.org\/index.php\/wp-json\/wp\/v2\/posts\/4\/revisions"}],"wp:attachment":[{"href":"https:\/\/www.lycee-mariecurie.org\/index.php\/wp-json\/wp\/v2\/media?parent=4"}],"wp:term":[{"taxonomy":"category","embeddable":true,"href":"https:\/\/www.lycee-mariecurie.org\/index.php\/wp-json\/wp\/v2\/categories?post=4"},{"taxonomy":"post_tag","embeddable":true,"href":"https:\/\/www.lycee-mariecurie.org\/index.php\/wp-json\/wp\/v2\/tags?post=4"}],"curies":[{"name":"wp","href":"https:\/\/api.w.org\/{rel}","templated":true}]}}