{"id":3942,"date":"2023-01-19T12:01:46","date_gmt":"2023-01-19T11:01:46","guid":{"rendered":"https:\/\/www.lycee-mariecurie.org\/?p=3942"},"modified":"2023-01-19T12:06:01","modified_gmt":"2023-01-19T11:06:01","slug":"collectif-jo-paris-2024-plus-vite-plus-haut-plus-fort-ensemble-citius-altius-fortius-communiter","status":"publish","type":"post","link":"https:\/\/www.lycee-mariecurie.org\/index.php\/2023\/01\/19\/collectif-jo-paris-2024-plus-vite-plus-haut-plus-fort-ensemble-citius-altius-fortius-communiter\/","title":{"rendered":"Collectif JO Paris 2024 : \u00ab Plus vite, plus haut, plus fort \u2013 ensemble \u00bb \u00a0\u00ab\u00a0Citius, Altius, Fortius \u2013 Communiter\u00a0\u00bb"},"content":{"rendered":"\n<p>Le lyc\u00e9e Marie Curie, apr\u00e8s acte de candidature, a \u00e9t\u00e9 s\u00e9lectionn\u00e9 pour participer au projet du Collectif Lyc\u00e9en Grand Est 2024. Nos \u00e9l\u00e8ves de la Sp\u00e9cialit\u00e9 EPPCS (\u00c9ducation Physique, Pratiques et Culture Sportive) BOURNIQUEL Valentine et GOSSET-BOURR\u00c9 Tom ont ainsi \u00e9t\u00e9 retenus pour devenir membre de ce collectif.<\/p>\n\n\n\n<p>Ce Collectif sera compos\u00e9 de 100 lyc\u00e9ens, soit 50 bin\u00f4mes fille-gar\u00e7on issus de 50 lyc\u00e9es du Grand Est, qui auront l\u2019opportunit\u00e9 de suivre un programme d\u00e9di\u00e9 et de vivre l\u2019exp\u00e9rience unique des Jeux de Paris 2024. Ils pourront y participer en tant que spectateur, \u00e0 une ou plusieurs \u00e9preuves, rencontrer des athl\u00e8tes\u2026&nbsp;<\/p>\n\n\n\n<p>En tant qu\u2019ambassadeur des valeurs de l\u2019olympisme et du sport, chaque bin\u00f4me sera accompagn\u00e9 pour mettre en place, dans son \u00e9tablissement, et sur son territoire, des projets mettant en avant les valeurs \u00e9ducatives du sport (promotion du handisport, \u00e9galit\u00e9 femme-homme, protection de l\u2019environnement, vivre ensemble, pr\u00e9vention sant\u00e9).<\/p>\n\n\n\n<p>Leur parcours jusqu\u2019aux Jeux Olympique avec le&nbsp;\u00ab&nbsp;Collectif Paris 2024&nbsp;\u00bb sera compos\u00e9 de 6 modules:&nbsp;<\/p>\n\n\n\n<ul class=\"wp-block-list\">\n<li>Initiation \u00e0 la m\u00e9thodologie de projet \u00e9v\u00e9nementiel ou \u00e9ducatif<\/li>\n\n\n\n<li>Sensibilisation aux valeurs \u00e9ducatives du sport<\/li>\n\n\n\n<li>D\u00e9couverte de l\u2019univers des Jeux Olympiques et Paralympiques<\/li>\n\n\n\n<li>Formation aux premiers secours<\/li>\n\n\n\n<li>Communication<\/li>\n\n\n\n<li>Apprentissage en langue&nbsp;<\/li>\n<\/ul>\n\n\n\n<figure class=\"wp-block-image size-large\"><img loading=\"lazy\" decoding=\"async\" width=\"1024\" height=\"768\" src=\"https:\/\/www.lycee-mariecurie.org\/wp-content\/uploads\/2023\/01\/Installation-du-Collectif-Janvier-2023-1-1024x768.jpg\" alt=\"\" class=\"wp-image-3944\" srcset=\"https:\/\/www.lycee-mariecurie.org\/wp-content\/uploads\/2023\/01\/Installation-du-Collectif-Janvier-2023-1-1024x768.jpg 1024w, https:\/\/www.lycee-mariecurie.org\/wp-content\/uploads\/2023\/01\/Installation-du-Collectif-Janvier-2023-1-300x225.jpg 300w, https:\/\/www.lycee-mariecurie.org\/wp-content\/uploads\/2023\/01\/Installation-du-Collectif-Janvier-2023-1-1536x1152.jpg 1536w, https:\/\/www.lycee-mariecurie.org\/wp-content\/uploads\/2023\/01\/Installation-du-Collectif-Janvier-2023-1-2048x1536.jpg 2048w\" sizes=\"auto, (max-width: 1024px) 100vw, 1024px\" \/><\/figure>\n\n\n\n<figure class=\"wp-block-image size-large\"><img loading=\"lazy\" decoding=\"async\" width=\"1024\" height=\"768\" src=\"https:\/\/www.lycee-mariecurie.org\/wp-content\/uploads\/2023\/01\/Installation-du-Collectif-Janvier-2023-5-1024x768.jpg\" alt=\"\" class=\"wp-image-3945\" srcset=\"https:\/\/www.lycee-mariecurie.org\/wp-content\/uploads\/2023\/01\/Installation-du-Collectif-Janvier-2023-5-1024x768.jpg 1024w, https:\/\/www.lycee-mariecurie.org\/wp-content\/uploads\/2023\/01\/Installation-du-Collectif-Janvier-2023-5-300x225.jpg 300w, https:\/\/www.lycee-mariecurie.org\/wp-content\/uploads\/2023\/01\/Installation-du-Collectif-Janvier-2023-5-1536x1152.jpg 1536w, https:\/\/www.lycee-mariecurie.org\/wp-content\/uploads\/2023\/01\/Installation-du-Collectif-Janvier-2023-5-2048x1536.jpg 2048w\" sizes=\"auto, (max-width: 1024px) 100vw, 1024px\" \/><figcaption class=\"wp-element-caption\">Valentine et Tom, nos deux \u00e9l\u00e8ves de premi\u00e8re s\u00e9lectionn\u00e9s<\/figcaption><\/figure>\n\n\n\n<figure class=\"wp-block-image size-large\"><img loading=\"lazy\" decoding=\"async\" width=\"1024\" height=\"768\" src=\"https:\/\/www.lycee-mariecurie.org\/wp-content\/uploads\/2023\/01\/Installation-du-Collectif-Janvier-2023-6-1024x768.jpg\" alt=\"\" class=\"wp-image-3947\" srcset=\"https:\/\/www.lycee-mariecurie.org\/wp-content\/uploads\/2023\/01\/Installation-du-Collectif-Janvier-2023-6-1024x768.jpg 1024w, https:\/\/www.lycee-mariecurie.org\/wp-content\/uploads\/2023\/01\/Installation-du-Collectif-Janvier-2023-6-300x225.jpg 300w, https:\/\/www.lycee-mariecurie.org\/wp-content\/uploads\/2023\/01\/Installation-du-Collectif-Janvier-2023-6-1536x1152.jpg 1536w, https:\/\/www.lycee-mariecurie.org\/wp-content\/uploads\/2023\/01\/Installation-du-Collectif-Janvier-2023-6-2048x1536.jpg 2048w\" sizes=\"auto, (max-width: 1024px) 100vw, 1024px\" \/><\/figure>\n","protected":false},"excerpt":{"rendered":"<p>Le lyc\u00e9e Marie Curie, apr\u00e8s acte de candidature, a \u00e9t\u00e9 s\u00e9lectionn\u00e9 pour participer au projet du Collectif Lyc\u00e9en Grand Est 2024. Nos \u00e9l\u00e8ves de la Sp\u00e9cialit\u00e9 EPPCS (\u00c9ducation Physique, Pratiques et Culture Sportive) BOURNIQUEL Valentine et GOSSET-BOURR\u00c9 Tom ont ainsi&#8230;<\/p>\n","protected":false},"author":15,"featured_media":3943,"comment_status":"closed","ping_status":"closed","sticky":false,"template":"","format":"standard","meta":{"footnotes":""},"categories":[1],"tags":[],"class_list":["post-3942","post","type-post","status-publish","format-standard","has-post-thumbnail","hentry","category-non-classe"],"_links":{"self":[{"href":"https:\/\/www.lycee-mariecurie.org\/index.php\/wp-json\/wp\/v2\/posts\/3942","targetHints":{"allow":["GET"]}}],"collection":[{"href":"https:\/\/www.lycee-mariecurie.org\/index.php\/wp-json\/wp\/v2\/posts"}],"about":[{"href":"https:\/\/www.lycee-mariecurie.org\/index.php\/wp-json\/wp\/v2\/types\/post"}],"author":[{"embeddable":true,"href":"https:\/\/www.lycee-mariecurie.org\/index.php\/wp-json\/wp\/v2\/users\/15"}],"replies":[{"embeddable":true,"href":"https:\/\/www.lycee-mariecurie.org\/index.php\/wp-json\/wp\/v2\/comments?post=3942"}],"version-history":[{"count":2,"href":"https:\/\/www.lycee-mariecurie.org\/index.php\/wp-json\/wp\/v2\/posts\/3942\/revisions"}],"predecessor-version":[{"id":3949,"href":"https:\/\/www.lycee-mariecurie.org\/index.php\/wp-json\/wp\/v2\/posts\/3942\/revisions\/3949"}],"wp:featuredmedia":[{"embeddable":true,"href":"https:\/\/www.lycee-mariecurie.org\/index.php\/wp-json\/wp\/v2\/media\/3943"}],"wp:attachment":[{"href":"https:\/\/www.lycee-mariecurie.org\/index.php\/wp-json\/wp\/v2\/media?parent=3942"}],"wp:term":[{"taxonomy":"category","embeddable":true,"href":"https:\/\/www.lycee-mariecurie.org\/index.php\/wp-json\/wp\/v2\/categories?post=3942"},{"taxonomy":"post_tag","embeddable":true,"href":"https:\/\/www.lycee-mariecurie.org\/index.php\/wp-json\/wp\/v2\/tags?post=3942"}],"curies":[{"name":"wp","href":"https:\/\/api.w.org\/{rel}","templated":true}]}}