{"id":2865,"date":"2021-03-24T14:29:33","date_gmt":"2021-03-24T13:29:33","guid":{"rendered":"https:\/\/www.lycee-mariecurie.org\/?p=2865"},"modified":"2021-03-24T14:30:11","modified_gmt":"2021-03-24T13:30:11","slug":"rencontre-avec-zad-moultaka-compositeur-de-lopera-hemon","status":"publish","type":"post","link":"https:\/\/www.lycee-mariecurie.org\/index.php\/2021\/03\/24\/rencontre-avec-zad-moultaka-compositeur-de-lopera-hemon\/","title":{"rendered":"Rencontre avec Zad Moultaka, compositeur de l&rsquo;op\u00e9ra H\u00e9mon"},"content":{"rendered":"\n<p>Le Jeudi 18 Mars, les \u00e9l\u00e8ves musiciens de 1\u00e8re sp\u00e9cialit\u00e9 ont eu l&rsquo;immense plaisir d&rsquo;accueillir au lyc\u00e9e le compositeur, plasticien et sc\u00e9nographe Zad Moultaka autour de la cr\u00e9ation de son \u0153uvre <em>H\u00e9mon <\/em>\u00e0 l&rsquo;Op\u00e9ra National du Rhin, dans le cadre d&rsquo;<em>Arsmondo <\/em>dont le pays invit\u00e9 cette ann\u00e9e est le Liban.<\/p>\n\n\n\n<p>Cet op\u00e9ra raconte l&rsquo;histoire d&rsquo;H\u00e9mon, fianc\u00e9 d&rsquo;Antigone et fils d&rsquo;Eurydice. dans la pi\u00e8ce de Sophocle, il met fin \u00e0 ses jours et dans l&rsquo;op\u00e9ra, il prend la fuite &#8230;<\/p>\n\n\n\n<p>Leur \u00e9change a port\u00e9 sur les sources d&rsquo;inspiration du compositeur pour l&rsquo;\u00e9criture musicale et la sc\u00e9nographie de cette \u0153uvre, mais \u00e9galement sur la place et le r\u00f4le de l&rsquo;artiste dans notre soci\u00e9t\u00e9 contemporaine et les influences culturelles et musicales dues \u00e0 sa double culture, occidentale et orientale dans l&rsquo;approche de ses cr\u00e9ations. Sur les questions \u00e9galement que soul\u00e8vent cet op\u00e9ra \u00e0 savoir la responsabilit\u00e9 ou la fuite dans la gouvernance politique d&rsquo;un \u00e9tat.<\/p>\n\n\n\n<p>Un grand merci aux \u00e9l\u00e8ves pour leur attention et la qualit\u00e9 de cet \u00e9change\u00a0!<\/p>\n\n\n\n<p>Vous pouvez d\u00e9couvrir cet op\u00e9ra gr\u00e2ce \u00e0 l&rsquo;\u00e9mission disponible sur le site de l&rsquo;Op\u00e9ra national du Rhin <a href=\"https:\/\/www.operanationaldurhin.eu\/fr\/spectacles\/saison-2020-2021\/opera\/haemon\">https:\/\/www.operanationaldurhin.eu\/fr\/spectacles\/saison-2020-2021\/opera\/haemon<\/a><\/p>\n\n\n\n<figure class=\"wp-block-gallery columns-3 is-cropped wp-block-gallery-1 is-layout-flex wp-block-gallery-is-layout-flex\"><ul class=\"blocks-gallery-grid\"><li class=\"blocks-gallery-item\"><figure><img loading=\"lazy\" decoding=\"async\" width=\"640\" height=\"480\" src=\"https:\/\/www.lycee-mariecurie.org\/wp-content\/uploads\/2021\/03\/IMG_1675.jpg\" alt=\"\" data-id=\"2866\" data-full-url=\"https:\/\/www.lycee-mariecurie.org\/wp-content\/uploads\/2021\/03\/IMG_1675.jpg\" data-link=\"https:\/\/www.lycee-mariecurie.org\/?attachment_id=2866\" class=\"wp-image-2866\" srcset=\"https:\/\/www.lycee-mariecurie.org\/wp-content\/uploads\/2021\/03\/IMG_1675.jpg 640w, https:\/\/www.lycee-mariecurie.org\/wp-content\/uploads\/2021\/03\/IMG_1675-300x225.jpg 300w\" sizes=\"auto, (max-width: 640px) 100vw, 640px\" \/><\/figure><\/li><li class=\"blocks-gallery-item\"><figure><img loading=\"lazy\" decoding=\"async\" width=\"640\" height=\"480\" src=\"https:\/\/www.lycee-mariecurie.org\/wp-content\/uploads\/2021\/03\/IMG_1676.jpg\" alt=\"\" data-id=\"2867\" data-full-url=\"https:\/\/www.lycee-mariecurie.org\/wp-content\/uploads\/2021\/03\/IMG_1676.jpg\" data-link=\"https:\/\/www.lycee-mariecurie.org\/?attachment_id=2867\" class=\"wp-image-2867\" srcset=\"https:\/\/www.lycee-mariecurie.org\/wp-content\/uploads\/2021\/03\/IMG_1676.jpg 640w, https:\/\/www.lycee-mariecurie.org\/wp-content\/uploads\/2021\/03\/IMG_1676-300x225.jpg 300w\" sizes=\"auto, (max-width: 640px) 100vw, 640px\" \/><\/figure><\/li><li class=\"blocks-gallery-item\"><figure><img loading=\"lazy\" decoding=\"async\" width=\"640\" height=\"480\" src=\"https:\/\/www.lycee-mariecurie.org\/wp-content\/uploads\/2021\/03\/IMG_1677.jpg\" alt=\"\" data-id=\"2868\" data-full-url=\"https:\/\/www.lycee-mariecurie.org\/wp-content\/uploads\/2021\/03\/IMG_1677.jpg\" data-link=\"https:\/\/www.lycee-mariecurie.org\/?attachment_id=2868\" class=\"wp-image-2868\" srcset=\"https:\/\/www.lycee-mariecurie.org\/wp-content\/uploads\/2021\/03\/IMG_1677.jpg 640w, https:\/\/www.lycee-mariecurie.org\/wp-content\/uploads\/2021\/03\/IMG_1677-300x225.jpg 300w\" sizes=\"auto, (max-width: 640px) 100vw, 640px\" \/><\/figure><\/li><li class=\"blocks-gallery-item\"><figure><img loading=\"lazy\" decoding=\"async\" width=\"640\" height=\"480\" src=\"https:\/\/www.lycee-mariecurie.org\/wp-content\/uploads\/2021\/03\/IMG_1678.jpg\" alt=\"\" data-id=\"2869\" data-full-url=\"https:\/\/www.lycee-mariecurie.org\/wp-content\/uploads\/2021\/03\/IMG_1678.jpg\" data-link=\"https:\/\/www.lycee-mariecurie.org\/?attachment_id=2869\" class=\"wp-image-2869\" srcset=\"https:\/\/www.lycee-mariecurie.org\/wp-content\/uploads\/2021\/03\/IMG_1678.jpg 640w, https:\/\/www.lycee-mariecurie.org\/wp-content\/uploads\/2021\/03\/IMG_1678-300x225.jpg 300w\" sizes=\"auto, (max-width: 640px) 100vw, 640px\" \/><\/figure><\/li><li class=\"blocks-gallery-item\"><figure><img loading=\"lazy\" decoding=\"async\" width=\"640\" height=\"480\" src=\"https:\/\/www.lycee-mariecurie.org\/wp-content\/uploads\/2021\/03\/IMG_1679.jpg\" alt=\"\" data-id=\"2870\" data-full-url=\"https:\/\/www.lycee-mariecurie.org\/wp-content\/uploads\/2021\/03\/IMG_1679.jpg\" data-link=\"https:\/\/www.lycee-mariecurie.org\/?attachment_id=2870\" class=\"wp-image-2870\" srcset=\"https:\/\/www.lycee-mariecurie.org\/wp-content\/uploads\/2021\/03\/IMG_1679.jpg 640w, https:\/\/www.lycee-mariecurie.org\/wp-content\/uploads\/2021\/03\/IMG_1679-300x225.jpg 300w\" sizes=\"auto, (max-width: 640px) 100vw, 640px\" \/><\/figure><\/li><\/ul><\/figure>\n","protected":false},"excerpt":{"rendered":"<p>Le Jeudi 18 Mars, les \u00e9l\u00e8ves musiciens de 1\u00e8re sp\u00e9cialit\u00e9 ont eu l&rsquo;immense plaisir d&rsquo;accueillir au lyc\u00e9e le compositeur, plasticien et sc\u00e9nographe Zad Moultaka autour de la cr\u00e9ation de son \u0153uvre H\u00e9mon \u00e0 l&rsquo;Op\u00e9ra National du Rhin, dans le cadre&#8230;<\/p>\n","protected":false},"author":15,"featured_media":2870,"comment_status":"closed","ping_status":"closed","sticky":false,"template":"","format":"standard","meta":{"footnotes":""},"categories":[20],"tags":[],"class_list":["post-2865","post","type-post","status-publish","format-standard","has-post-thumbnail","hentry","category-musique"],"_links":{"self":[{"href":"https:\/\/www.lycee-mariecurie.org\/index.php\/wp-json\/wp\/v2\/posts\/2865","targetHints":{"allow":["GET"]}}],"collection":[{"href":"https:\/\/www.lycee-mariecurie.org\/index.php\/wp-json\/wp\/v2\/posts"}],"about":[{"href":"https:\/\/www.lycee-mariecurie.org\/index.php\/wp-json\/wp\/v2\/types\/post"}],"author":[{"embeddable":true,"href":"https:\/\/www.lycee-mariecurie.org\/index.php\/wp-json\/wp\/v2\/users\/15"}],"replies":[{"embeddable":true,"href":"https:\/\/www.lycee-mariecurie.org\/index.php\/wp-json\/wp\/v2\/comments?post=2865"}],"version-history":[{"count":1,"href":"https:\/\/www.lycee-mariecurie.org\/index.php\/wp-json\/wp\/v2\/posts\/2865\/revisions"}],"predecessor-version":[{"id":2873,"href":"https:\/\/www.lycee-mariecurie.org\/index.php\/wp-json\/wp\/v2\/posts\/2865\/revisions\/2873"}],"wp:featuredmedia":[{"embeddable":true,"href":"https:\/\/www.lycee-mariecurie.org\/index.php\/wp-json\/wp\/v2\/media\/2870"}],"wp:attachment":[{"href":"https:\/\/www.lycee-mariecurie.org\/index.php\/wp-json\/wp\/v2\/media?parent=2865"}],"wp:term":[{"taxonomy":"category","embeddable":true,"href":"https:\/\/www.lycee-mariecurie.org\/index.php\/wp-json\/wp\/v2\/categories?post=2865"},{"taxonomy":"post_tag","embeddable":true,"href":"https:\/\/www.lycee-mariecurie.org\/index.php\/wp-json\/wp\/v2\/tags?post=2865"}],"curies":[{"name":"wp","href":"https:\/\/api.w.org\/{rel}","templated":true}]}}