{"id":2048,"date":"2019-10-05T14:47:36","date_gmt":"2019-10-05T12:47:36","guid":{"rendered":"https:\/\/www.lycee-mariecurie.org\/?p=2048"},"modified":"2019-10-05T14:47:36","modified_gmt":"2019-10-05T12:47:36","slug":"les-tl-au-festival-international-de-geographie-de-saint-die-des-vosges","status":"publish","type":"post","link":"https:\/\/www.lycee-mariecurie.org\/index.php\/2019\/10\/05\/les-tl-au-festival-international-de-geographie-de-saint-die-des-vosges\/","title":{"rendered":"Les TL au Festival International de G\u00e9ographie de Saint-Di\u00e9-des-Vosges"},"content":{"rendered":"\n<p>Cette ann\u00e9e, le Festival International de G\u00e9ographie, l\u2019Eurom\u00e9tropole et la R\u00e9gion Grand-Est\u00a0ont propos\u00e9 aux lyc\u00e9ens une journ\u00e9e compl\u00e8te au c\u0153ur du Festival\u00a0le vendredi 4 octobre 2019. Dix classes de lyc\u00e9es ont \u00e9t\u00e9 invit\u00e9es \u00e0 participer \u00e0 cette journ\u00e9e, dont la classe de terminale Litt\u00e9raire du Lyc\u00e9e Marie Curie. <br>Le th\u00e8me du FIG 2019 \u00e9tait \u00ab\u00a0Migrations\u00a0\u00bb, un sujet abord\u00e9 dans la question du programme de g\u00e9ographie \u00ab\u00a0la mondialisation en fonctionnement\u00a0: mobilit\u00e9s, flux et r\u00e9seaux\u00a0\u00bb. <\/p>\n\n\n\n<figure class=\"wp-block-image\"><img loading=\"lazy\" decoding=\"async\" width=\"1024\" height=\"768\" src=\"https:\/\/www.lycee-mariecurie.org\/wp-content\/uploads\/2019\/10\/IMG_8937-1024x768.jpg\" alt=\"\" class=\"wp-image-2049\" srcset=\"https:\/\/www.lycee-mariecurie.org\/wp-content\/uploads\/2019\/10\/IMG_8937-1024x768.jpg 1024w, https:\/\/www.lycee-mariecurie.org\/wp-content\/uploads\/2019\/10\/IMG_8937-300x225.jpg 300w\" sizes=\"auto, (max-width: 1024px) 100vw, 1024px\" \/><\/figure>\n\n\n\n<p>Le trajet en TER entre Strasbourg et Saint-Di\u00e9 a tout d&rsquo;abord \u00e9t\u00e9 l&rsquo;occasion d&rsquo;un travail sur les mobilit\u00e9s g\u00e9ographiques \u00e0 l&rsquo;\u00e9chelle internationale. \u00c0 l&rsquo;arriv\u00e9e, les \u00e9l\u00e8ves et leurs professeurs ont \u00e9t\u00e9 accueillis par  M. David Valence, Maire de Saint-Di\u00e9-des-Vosges et Vice-pr\u00e9sident de la R\u00e9gion Grand Est, et par Mme Victoria Kapps, Directrice du FIG. Puis, une \u00ab\u00a0mission selfies\u00a0\u00bb leur a permis de d\u00e9couvrir en \u00e9quipes la ville de Saint-Di\u00e9-des-Vosges. Ils ont ensuite assist\u00e9 \u00e0 une rencontre intitul\u00e9e \u00ab\u00a0Migrations : t\u00e9moignages!\u00a0\u00bb avec James No\u00ebl, \u00e9crivain Ha\u00eftien, Rapha\u00ebl Pitti, Conseiller Municipal D\u00e9l\u00e9gu\u00e9 \u00e0 la Mairie de Metz et m\u00e9decin de guerre et Mamadou Diallo, jeune migrant guin\u00e9en, anim\u00e9e par Paul Didier. Pour finir, ils sont repartis en \u00e9quipes assister \u00e0 des conf\u00e9rences, des d\u00e9bats, d\u00e9couvrir le salon g\u00e9o-num\u00e9rique, le salon de la gastronomie, le salon du livre, visiter des expositions de photographies et de caricatures.<\/p>\n\n\n\n<figure class=\"wp-block-image\"><img loading=\"lazy\" decoding=\"async\" width=\"1024\" height=\"768\" src=\"https:\/\/www.lycee-mariecurie.org\/wp-content\/uploads\/2019\/10\/IMG_8948-1024x768.jpg\" alt=\"\" class=\"wp-image-2050\" srcset=\"https:\/\/www.lycee-mariecurie.org\/wp-content\/uploads\/2019\/10\/IMG_8948-1024x768.jpg 1024w, https:\/\/www.lycee-mariecurie.org\/wp-content\/uploads\/2019\/10\/IMG_8948-300x225.jpg 300w\" sizes=\"auto, (max-width: 1024px) 100vw, 1024px\" \/><\/figure>\n\n\n\n<p><\/p>\n","protected":false},"excerpt":{"rendered":"<p>Cette ann\u00e9e, le Festival International de G\u00e9ographie, l\u2019Eurom\u00e9tropole et la R\u00e9gion Grand-Est\u00a0ont propos\u00e9 aux lyc\u00e9ens une journ\u00e9e compl\u00e8te au c\u0153ur du Festival\u00a0le vendredi 4 octobre 2019. Dix classes de lyc\u00e9es ont \u00e9t\u00e9 invit\u00e9es \u00e0 participer \u00e0 cette journ\u00e9e, dont la&#8230;<\/p>\n","protected":false},"author":11,"featured_media":2052,"comment_status":"closed","ping_status":"closed","sticky":false,"template":"","format":"standard","meta":{"footnotes":""},"categories":[1],"tags":[],"class_list":["post-2048","post","type-post","status-publish","format-standard","has-post-thumbnail","hentry","category-non-classe"],"_links":{"self":[{"href":"https:\/\/www.lycee-mariecurie.org\/index.php\/wp-json\/wp\/v2\/posts\/2048","targetHints":{"allow":["GET"]}}],"collection":[{"href":"https:\/\/www.lycee-mariecurie.org\/index.php\/wp-json\/wp\/v2\/posts"}],"about":[{"href":"https:\/\/www.lycee-mariecurie.org\/index.php\/wp-json\/wp\/v2\/types\/post"}],"author":[{"embeddable":true,"href":"https:\/\/www.lycee-mariecurie.org\/index.php\/wp-json\/wp\/v2\/users\/11"}],"replies":[{"embeddable":true,"href":"https:\/\/www.lycee-mariecurie.org\/index.php\/wp-json\/wp\/v2\/comments?post=2048"}],"version-history":[{"count":3,"href":"https:\/\/www.lycee-mariecurie.org\/index.php\/wp-json\/wp\/v2\/posts\/2048\/revisions"}],"predecessor-version":[{"id":2055,"href":"https:\/\/www.lycee-mariecurie.org\/index.php\/wp-json\/wp\/v2\/posts\/2048\/revisions\/2055"}],"wp:featuredmedia":[{"embeddable":true,"href":"https:\/\/www.lycee-mariecurie.org\/index.php\/wp-json\/wp\/v2\/media\/2052"}],"wp:attachment":[{"href":"https:\/\/www.lycee-mariecurie.org\/index.php\/wp-json\/wp\/v2\/media?parent=2048"}],"wp:term":[{"taxonomy":"category","embeddable":true,"href":"https:\/\/www.lycee-mariecurie.org\/index.php\/wp-json\/wp\/v2\/categories?post=2048"},{"taxonomy":"post_tag","embeddable":true,"href":"https:\/\/www.lycee-mariecurie.org\/index.php\/wp-json\/wp\/v2\/tags?post=2048"}],"curies":[{"name":"wp","href":"https:\/\/api.w.org\/{rel}","templated":true}]}}