{"id":2004,"date":"2019-09-19T17:38:55","date_gmt":"2019-09-19T15:38:55","guid":{"rendered":"https:\/\/www.lycee-mariecurie.org\/?p=2004"},"modified":"2019-09-19T17:38:55","modified_gmt":"2019-09-19T15:38:55","slug":"journee-dintegration-des-2de1","status":"publish","type":"post","link":"https:\/\/www.lycee-mariecurie.org\/index.php\/2019\/09\/19\/journee-dintegration-des-2de1\/","title":{"rendered":"Journ\u00e9e d\u2019int\u00e9gration des 2de1"},"content":{"rendered":"\n<p>\nPour commencer la matin\u00e9e les \u00e9l\u00e8ves de 2GT1 se sont rendus \u00e0\nl\u2019Institut Culturel d\u2019Italien o\u00f9 ils ont pu participer \u00e0 un\natelier de musique exp\u00e9rimentale avec l\u2019artiste italienne Annalisa\nMantovani. Ils ont \u00e9t\u00e9 accueilli par Mme Veronica Manson directrice\nde l\u2019IIC qui leur a pr\u00e9sent\u00e9 les nombreux \u00e9v\u00e9nements que\nl\u2019institut organise en partenariat avec tous les acteurs culturels\nde Strasbourg. Puis, ils se sont pr\u00eat\u00e9s au jeu de d\u00e9couverte de\nmusique exp\u00e9rimentale que leur a propos\u00e9 l\u2019artiste italienne\nAnnalisa Mantovani qui explore la question complexe de l\u2019identit\u00e9\n\u00e0 travers la musique et la peinture. Ils ont pu \u00e9galement s\u2019initier\n\u00e0 la langue italienne en suivant le cours de Simone Bacci,\nenseignant d\u2019italien \u00e0 l\u2019IIC, et ont fini leur visite par un\ngo\u00fbter offert par l\u2019Institut.<br>\nApr\u00e8s un pique-nique dans les\njardins du parc de l\u2019Orangerie, les \u00e9l\u00e8ves ont parcouru le\nquartier des institutions europ\u00e9ennes en suivant le jeu de piste\norganis\u00e9 par le Lieu d\u2019Europe.<\/p>\n\n\n\n<p>Une\njourn\u00e9e riche en partage qui a permis aux \u00e9l\u00e8ves d\u2019aller \u00e0 la\nrencontre d\u2019une autre culture et de d\u00e9couvrir un quartier de\nStrasbourg que certains ne connaissaient pas du tout.  \n<\/p>\n\n\n\n<ul class=\"wp-block-gallery columns-3 is-cropped wp-block-gallery-1 is-layout-flex wp-block-gallery-is-layout-flex\"><li class=\"blocks-gallery-item\"><figure><img loading=\"lazy\" decoding=\"async\" width=\"640\" height=\"480\" src=\"https:\/\/www.lycee-mariecurie.org\/wp-content\/uploads\/2019\/09\/2de1B.jpg\" alt=\"\" data-id=\"2005\" data-link=\"https:\/\/www.lycee-mariecurie.org\/?attachment_id=2005\" class=\"wp-image-2005\" srcset=\"https:\/\/www.lycee-mariecurie.org\/wp-content\/uploads\/2019\/09\/2de1B.jpg 640w, https:\/\/www.lycee-mariecurie.org\/wp-content\/uploads\/2019\/09\/2de1B-300x225.jpg 300w\" sizes=\"auto, (max-width: 640px) 100vw, 640px\" \/><\/figure><\/li><li class=\"blocks-gallery-item\"><figure><img loading=\"lazy\" decoding=\"async\" width=\"640\" height=\"480\" src=\"https:\/\/www.lycee-mariecurie.org\/wp-content\/uploads\/2019\/09\/2de1.jpg\" alt=\"\" data-id=\"2006\" data-link=\"https:\/\/www.lycee-mariecurie.org\/?attachment_id=2006\" class=\"wp-image-2006\" srcset=\"https:\/\/www.lycee-mariecurie.org\/wp-content\/uploads\/2019\/09\/2de1.jpg 640w, https:\/\/www.lycee-mariecurie.org\/wp-content\/uploads\/2019\/09\/2de1-300x225.jpg 300w\" sizes=\"auto, (max-width: 640px) 100vw, 640px\" \/><\/figure><\/li><li class=\"blocks-gallery-item\"><figure><img loading=\"lazy\" decoding=\"async\" width=\"640\" height=\"480\" src=\"https:\/\/www.lycee-mariecurie.org\/wp-content\/uploads\/2019\/09\/2de1a.jpg\" alt=\"\" data-id=\"2007\" data-link=\"https:\/\/www.lycee-mariecurie.org\/?attachment_id=2007\" class=\"wp-image-2007\" srcset=\"https:\/\/www.lycee-mariecurie.org\/wp-content\/uploads\/2019\/09\/2de1a.jpg 640w, https:\/\/www.lycee-mariecurie.org\/wp-content\/uploads\/2019\/09\/2de1a-300x225.jpg 300w\" sizes=\"auto, (max-width: 640px) 100vw, 640px\" \/><\/figure><\/li><\/ul>\n","protected":false},"excerpt":{"rendered":"<p>Pour commencer la matin\u00e9e les \u00e9l\u00e8ves de 2GT1 se sont rendus \u00e0 l\u2019Institut Culturel d\u2019Italien o\u00f9 ils ont pu participer \u00e0 un atelier de musique exp\u00e9rimentale avec l\u2019artiste italienne Annalisa Mantovani. Ils ont \u00e9t\u00e9 accueilli par Mme Veronica Manson directrice&#8230;<\/p>\n","protected":false},"author":15,"featured_media":2005,"comment_status":"closed","ping_status":"closed","sticky":false,"template":"","format":"standard","meta":{"footnotes":""},"categories":[211,19,114,1,154],"tags":[],"class_list":["post-2004","post","type-post","status-publish","format-standard","has-post-thumbnail","hentry","category-classe-a-projet","category-italien","category-la-culture","category-non-classe","category-projets-de-classe"],"_links":{"self":[{"href":"https:\/\/www.lycee-mariecurie.org\/index.php\/wp-json\/wp\/v2\/posts\/2004","targetHints":{"allow":["GET"]}}],"collection":[{"href":"https:\/\/www.lycee-mariecurie.org\/index.php\/wp-json\/wp\/v2\/posts"}],"about":[{"href":"https:\/\/www.lycee-mariecurie.org\/index.php\/wp-json\/wp\/v2\/types\/post"}],"author":[{"embeddable":true,"href":"https:\/\/www.lycee-mariecurie.org\/index.php\/wp-json\/wp\/v2\/users\/15"}],"replies":[{"embeddable":true,"href":"https:\/\/www.lycee-mariecurie.org\/index.php\/wp-json\/wp\/v2\/comments?post=2004"}],"version-history":[{"count":1,"href":"https:\/\/www.lycee-mariecurie.org\/index.php\/wp-json\/wp\/v2\/posts\/2004\/revisions"}],"predecessor-version":[{"id":2008,"href":"https:\/\/www.lycee-mariecurie.org\/index.php\/wp-json\/wp\/v2\/posts\/2004\/revisions\/2008"}],"wp:featuredmedia":[{"embeddable":true,"href":"https:\/\/www.lycee-mariecurie.org\/index.php\/wp-json\/wp\/v2\/media\/2005"}],"wp:attachment":[{"href":"https:\/\/www.lycee-mariecurie.org\/index.php\/wp-json\/wp\/v2\/media?parent=2004"}],"wp:term":[{"taxonomy":"category","embeddable":true,"href":"https:\/\/www.lycee-mariecurie.org\/index.php\/wp-json\/wp\/v2\/categories?post=2004"},{"taxonomy":"post_tag","embeddable":true,"href":"https:\/\/www.lycee-mariecurie.org\/index.php\/wp-json\/wp\/v2\/tags?post=2004"}],"curies":[{"name":"wp","href":"https:\/\/api.w.org\/{rel}","templated":true}]}}