{"id":173,"date":"2016-02-23T07:30:00","date_gmt":"2016-02-23T06:30:00","guid":{"rendered":"http:\/\/wpress.lycee-mariecurie.org\/index.php\/2016\/02\/23\/section-europaennea-allemand\/"},"modified":"2026-03-19T07:58:33","modified_gmt":"2026-03-19T06:58:33","slug":"section-europaennea-allemand","status":"publish","type":"post","link":"https:\/\/www.lycee-mariecurie.org\/index.php\/2016\/02\/23\/section-europaennea-allemand\/","title":{"rendered":"Section europ\u00e9enne\u00a0allemand"},"content":{"rendered":"<h2>Section europ\u00e9enne allemand<\/h2>\n<blockquote>\n<p>\u00ab\u00a0Le d\u00e9veloppement de la construction europ\u00e9enne, l&rsquo;ouverture internationale des \u00e9conomies, la multiplication des \u00e9changes culturels \u00e9l\u00e8vent d\u00e9sormais au rang d&rsquo;imp\u00e9rieuse n\u00e9cessit\u00e9 la ma\u00eetrise d&rsquo;une ou plusieurs langues vivantes et rendent souhaitable la formation du plus grand nombre d&rsquo;\u00e9l\u00e8ves \u00e0 un niveau proche du bilinguisme, assorti d&rsquo;une connaissance approfondi de la culture des pays \u00e9trangers \u00bb<\/p>\n<\/blockquote>\n<p>(Circulaire n\u00b0 92-234 du 19 ao\u00fbt 1992, publi\u00e9e dans le BO n\u00b0 33 du 03 septembre 1992).<\/p>\n<h3>A qui s&rsquo;adresse la section europ\u00e9enne\u00a0allemand?<\/h3>\n<ul>\n<li>aux \u00e9l\u00e8ves ayant suivi une section europ\u00e9enne, bilangue, bilangue, internationale,<\/li>\n<li>\u00e0 tout \u00e9l\u00e8ve poss\u00e9dant une bonne ma\u00eetrise de l?allemand, d\u00e9montrant un go\u00fbt pour les langues et ouvert aux questions de civilisation<\/li>\n<\/ul>\n<h3>D\u00e9roulement de la scolarit\u00e9 en section europ\u00e9enne<\/h3>\n<p>L&rsquo;\u00e9l\u00e8ve s&rsquo;engage dans un cursus de trois ans qui conduit \u00e0 une \u00e9preuve sp\u00e9cifique permettant d&rsquo;obtenir la mention \u00ab\u00a0Europ\u00e9enne\u00a0\u00bb au baccalaur\u00e9at (\u00e0\u00a0condition d&rsquo;avoir au moins 12\/20 \u00e0 l&rsquo;\u00e9crit en langue vivante et 10\/20 en Discipline Non Linguistique).<\/p>\n<p>Cette section n\u00e9cessite une charge de travail plus importante \u00e0 laquelle l&rsquo;\u00e9l\u00e8ve devra faire face.<\/p>\n<p>Quelle que soit la s\u00e9rie choisie en classe de premi\u00e8re, l&rsquo;\u00e9l\u00e8ve aura la possibilit\u00e9 de poursuivre son cursus en section europ\u00e9enne.<\/p>\n<p>Au lyc\u00e9e Marie Curie, l&rsquo;\u00e9l\u00e8ve inscrit en section europ\u00e9enne b\u00e9n\u00e9ficie\u00a0:<\/p>\n<ul>\n<li>de l&rsquo;enseignement d&rsquo;une discipline non linguistique (DNL) en allemand, en occurrence une heure d&rsquo;histoire &#8211; g\u00e9ographie suppl\u00e9mentaire<\/li>\n<li>d&rsquo;une heure de langue renforc\u00e9e suppl\u00e9mentaire<\/li>\n<li>d&rsquo;un programme d&rsquo;\u00e9change comprenant un voyage en Allemagne<\/li>\n<li>du concours d&rsquo;un assistant germanophone<\/li>\n<\/ul>\n<p><strong>Les \u00e9l\u00e8ves de 3<\/strong><strong>e<\/strong><strong> demandent \u00e0 int\u00e9grer cette structure en pr\u00e9sentant leur candidature selonle calendrier indiqu\u00e9 dans la fiche de candidature ci-dessous.<br \/><\/strong><\/p>\n<p><strong>A noter<\/strong><strong>\u00a0: les familles des \u00e9l\u00e8ves en provenance d&rsquo;autres coll\u00e8ges que ceux du secteur du lyc\u00e9e Marie Curie sont tenues de formuler une demande de d\u00e9rogation pour int\u00e9grer le lyc\u00e9e.<\/strong><\/p>\n<p>Fiche de candidature :<\/p>\n<p>\u00a0<\/p>\n\n\n<div data-wp-interactive=\"core\/file\" class=\"wp-block-file\"><object data-wp-bind--hidden=\"!state.hasPdfPreview\" hidden class=\"wp-block-file__embed\" data=\"https:\/\/www.lycee-mariecurie.org\/wp-content\/uploads\/2016\/02\/EURO-ALLEMAND_Fiche-candidature-2026.pdf\" type=\"application\/pdf\" style=\"width:100%;height:600px\" aria-label=\"Contenu embarqu\u00e9 EURO ALLEMAND_Fiche candidature 2026.\"><\/object><a id=\"wp-block-file--media-1845a4b2-a64a-475b-9185-cfaf0087d0f4\" href=\"https:\/\/www.lycee-mariecurie.org\/wp-content\/uploads\/2016\/02\/EURO-ALLEMAND_Fiche-candidature-2026.pdf\">EURO ALLEMAND_Fiche candidature 2026<\/a><a href=\"https:\/\/www.lycee-mariecurie.org\/wp-content\/uploads\/2016\/02\/EURO-ALLEMAND_Fiche-candidature-2026.pdf\" class=\"wp-block-file__button wp-element-button\" download aria-describedby=\"wp-block-file--media-1845a4b2-a64a-475b-9185-cfaf0087d0f4\">T\u00e9l\u00e9charger<\/a><\/div>\n\n\n\n<div data-wp-interactive=\"core\/file\" class=\"wp-block-file\"><object data-wp-bind--hidden=\"!state.hasPdfPreview\" hidden class=\"wp-block-file__embed\" data=\"https:\/\/www.lycee-mariecurie.org\/wp-content\/uploads\/2016\/02\/EURO-ALLEMAND_Fiche-de-candidature-2025-26.pdf\" type=\"application\/pdf\" style=\"width:100%;height:600px\" aria-label=\"Contenu embarqu\u00e9 EURO ALLEMAND_Fiche de candidature 2025-26.\"><\/object><a id=\"wp-block-file--media-0dc9a9f5-5ccf-4256-9b18-0cebd7993149\" href=\"https:\/\/www.lycee-mariecurie.org\/wp-content\/uploads\/2016\/02\/EURO-ALLEMAND_Fiche-de-candidature-2025-26.pdf\">EURO ALLEMAND_Fiche de candidature 2025-26<\/a><a href=\"https:\/\/www.lycee-mariecurie.org\/wp-content\/uploads\/2016\/02\/EURO-ALLEMAND_Fiche-de-candidature-2025-26.pdf\" class=\"wp-block-file__button wp-element-button\" download aria-describedby=\"wp-block-file--media-0dc9a9f5-5ccf-4256-9b18-0cebd7993149\">T\u00e9l\u00e9charger<\/a><\/div>\n\n\n<p><strong>Vid\u00e9o de pr\u00e9sentation de la section allemand par les secondes :\u00a0<\/strong><\/p>\n\n\n<figure class=\"wp-block-video\"><video height=\"352\" style=\"aspect-ratio: 640 \/ 352;\" width=\"640\" controls src=\"https:\/\/www.lycee-mariecurie.org\/wp-content\/uploads\/2021\/03\/VIDEO-2021-03-11-23-51-17.mp4\"><\/video><\/figure>\n\n\n\n<p><strong>Vid\u00e9o de pr\u00e9sentation de la section allemand par les terminales :&nbsp;<\/strong><\/p>\n\n\n\n<figure class=\"wp-block-embed is-type-video is-provider-youtube wp-block-embed-youtube wp-embed-aspect-16-9 wp-has-aspect-ratio\"><div class=\"wp-block-embed__wrapper\">\n<iframe loading=\"lazy\" title=\"Pr\u00e9sentation de la section euro allemand par les Tales Euro\" width=\"640\" height=\"360\" src=\"https:\/\/www.youtube.com\/embed\/eT99uD2zn24?feature=oembed\" frameborder=\"0\" allow=\"accelerometer; autoplay; clipboard-write; encrypted-media; gyroscope; picture-in-picture; web-share\" referrerpolicy=\"strict-origin-when-cross-origin\" allowfullscreen><\/iframe>\n<\/div><\/figure>\n\n\n\n<h5 class=\"wp-block-heading\">Voyage \u00e0 Berlin 2019<\/h5>\n\n\n\n<figure class=\"wp-block-embed is-type-video is-provider-youtube wp-block-embed-youtube wp-embed-aspect-16-9 wp-has-aspect-ratio\"><div class=\"wp-block-embed__wrapper\">\n<iframe loading=\"lazy\" title=\"Voyage \u00e0 Berlin 2019\" width=\"640\" height=\"360\" src=\"https:\/\/www.youtube.com\/embed\/c-98ZUAS4qM?feature=oembed\" frameborder=\"0\" allow=\"accelerometer; autoplay; clipboard-write; encrypted-media; gyroscope; picture-in-picture; web-share\" referrerpolicy=\"strict-origin-when-cross-origin\" allowfullscreen><\/iframe>\n<\/div><\/figure>\n\n\n\n<h5 class=\"wp-block-heading\">Pr\u00e9sentation de la DNL en deux vid\u00e9o<\/h5>\n\n\n\n<figure class=\"wp-block-video\"><video height=\"1080\" style=\"aspect-ratio: 1920 \/ 1080;\" width=\"1920\" controls src=\"https:\/\/www.lycee-mariecurie.org\/wp-content\/uploads\/2021\/03\/2021_03_18-dnl-diapo-Ludovic-fertig.mp4\"><\/video><\/figure>\n\n\n\n<figure class=\"wp-block-video\"><video height=\"1080\" style=\"aspect-ratio: 1920 \/ 1080;\" width=\"1920\" controls src=\"https:\/\/www.lycee-mariecurie.org\/wp-content\/uploads\/2021\/03\/2021_03_18-dnl-Prasentation-Lea-fertig.mp4\"><\/video><\/figure>\n","protected":false},"excerpt":{"rendered":"<p>Section europ\u00e9enne allemand \u00ab\u00a0Le d\u00e9veloppement de la construction europ\u00e9enne, l&rsquo;ouverture internationale des \u00e9conomies, la multiplication des \u00e9changes culturels \u00e9l\u00e8vent d\u00e9sormais au rang d&rsquo;imp\u00e9rieuse n\u00e9cessit\u00e9 la ma\u00eetrise d&rsquo;une ou plusieurs langues vivantes et rendent souhaitable la formation du plus grand nombre&#8230;<\/p>\n","protected":false},"author":1,"featured_media":172,"comment_status":"closed","ping_status":"open","sticky":false,"template":"","format":"standard","meta":{"footnotes":""},"categories":[211,154,188],"tags":[213,193],"class_list":["post-173","post","type-post","status-publish","format-standard","has-post-thumbnail","hentry","category-classe-a-projet","category-projets-de-classe","category-scolarite","tag-classe-a-projet","tag-langues-vivantes"],"_links":{"self":[{"href":"https:\/\/www.lycee-mariecurie.org\/index.php\/wp-json\/wp\/v2\/posts\/173","targetHints":{"allow":["GET"]}}],"collection":[{"href":"https:\/\/www.lycee-mariecurie.org\/index.php\/wp-json\/wp\/v2\/posts"}],"about":[{"href":"https:\/\/www.lycee-mariecurie.org\/index.php\/wp-json\/wp\/v2\/types\/post"}],"author":[{"embeddable":true,"href":"https:\/\/www.lycee-mariecurie.org\/index.php\/wp-json\/wp\/v2\/users\/1"}],"replies":[{"embeddable":true,"href":"https:\/\/www.lycee-mariecurie.org\/index.php\/wp-json\/wp\/v2\/comments?post=173"}],"version-history":[{"count":27,"href":"https:\/\/www.lycee-mariecurie.org\/index.php\/wp-json\/wp\/v2\/posts\/173\/revisions"}],"predecessor-version":[{"id":6007,"href":"https:\/\/www.lycee-mariecurie.org\/index.php\/wp-json\/wp\/v2\/posts\/173\/revisions\/6007"}],"wp:featuredmedia":[{"embeddable":true,"href":"https:\/\/www.lycee-mariecurie.org\/index.php\/wp-json\/wp\/v2\/media\/172"}],"wp:attachment":[{"href":"https:\/\/www.lycee-mariecurie.org\/index.php\/wp-json\/wp\/v2\/media?parent=173"}],"wp:term":[{"taxonomy":"category","embeddable":true,"href":"https:\/\/www.lycee-mariecurie.org\/index.php\/wp-json\/wp\/v2\/categories?post=173"},{"taxonomy":"post_tag","embeddable":true,"href":"https:\/\/www.lycee-mariecurie.org\/index.php\/wp-json\/wp\/v2\/tags?post=173"}],"curies":[{"name":"wp","href":"https:\/\/api.w.org\/{rel}","templated":true}]}}