{"id":167,"date":"2015-02-09T11:09:54","date_gmt":"2015-02-09T10:09:54","guid":{"rendered":"http:\/\/wpress.lycee-mariecurie.org\/index.php\/2015\/02\/09\/grand-prix-lycaen-des-compositeurs-2015\/"},"modified":"2015-02-09T11:09:54","modified_gmt":"2015-02-09T10:09:54","slug":"grand-prix-lycaen-des-compositeurs-2015","status":"publish","type":"post","link":"https:\/\/www.lycee-mariecurie.org\/index.php\/2015\/02\/09\/grand-prix-lycaen-des-compositeurs-2015\/","title":{"rendered":"Grand prix lyc\u00e9en des compositeurs 2015"},"content":{"rendered":"<p><strong>Grand Prix Lyc\u00e9en des Compositeurs 2015Les \u00e9l\u00e8ves des sections musique \u00e0 Paris<\/strong><br \/>\nLes \u00e9l\u00e8ves des sections musique du Lyc\u00e9e Marie Curie participeront le mardi 24 mars, \u00e0 Paris, au grand jury de d\u00e9lib\u00e9ration du Grand Prix Lyc\u00e9en des Compositeurs\u00a0: sur les six ?uvres en lice, nos \u00e9l\u00e8ves en ont s\u00e9lectionn\u00e9 deux. Ce travail d&rsquo;\u00e9coute et d&rsquo;analyse a d\u00e9but\u00e9 d\u00e8s le mois de novembre par une rencontre et une s\u00e9ance de travail avec le compositeur et acad\u00e9micien Gilbert AMY, s\u00e9lectionn\u00e9 pour son ?uvre <em>Litanies pour Ronchamp.<\/em>Ils compl\u00e9teront leur s\u00e9jour dans la capitale par une visite un peu particuli\u00e8re\u00a0:<em> \u00ab\u00a0 <\/em><em>L<\/em><em>a Vie Musicale \u00e0 la cour de Versailles sous Louis<\/em> <em>XIV et Louis XV\u00a0\u00bb<\/em>, musique baroque fran\u00e7aise au programme de terminale oblige\u00a0!<\/strong><br \/>\n<img loading=\"lazy\" decoding=\"async\" class=\" alignleft size-full wp-image-166\" src=\"http:\/\/wpress.lycee-mariecurie.org\/wp-content\/uploads\/2015\/02\/jpg_10000000000004b0000003804c2365b3.jpg\" alt=\"10000000000004b0000003804c2365b3.jpg\" align=\"left\" width=\"294\" height=\"219\" \/><\/p>\n<p>Gilbert AMY et les \u00e9l\u00e8ves de 1\u00e8re L1 jeudi 13 novembre 2014<br \/>\nLa s\u00e9ance a d\u00e9but\u00e9 par une pr\u00e9sentation de la chapelle de Ronchamp, \u00e9difice que Gilbert AMY conna\u00eet bien\u00a0, et du contexte de cr\u00e9ation de son ?uvre pour le 50\u00e8me anniversaire de la reconstruction de cet \u00e9difice par l&rsquo;architecte Le Corbusier. Cette rencontre s&rsquo;est poursuivie par la mise en regard de ces deux ?uvres et a ainsi \u00e9clair\u00e9 les \u00e9l\u00e8ves sur les choix de Gilbert AMY\u00a0: formation instrumentale li\u00e9e \u00e0 la modestie et \u00e0 la richesse harmonique du lieu, architecture formelle comparable \u00e0 celle de l&rsquo;\u00e9difice, r\u00e9emploi de certaines ?uvres ( l&rsquo;Adagio du Quatuor n\u00b015 de Beethoven par exemple) comme l&rsquo;a fait Le Corbusier pour certains \u00e9l\u00e9ments de l&rsquo;ancienne chapelle lors de sa reconstruction&#8230; un \u00e9change tr\u00e8s enrichissant autour de la cr\u00e9ation musicale contemporaine.<\/p>\n","protected":false},"excerpt":{"rendered":"<p>Grand Prix Lyc\u00e9en des Compositeurs 2015Les \u00e9l\u00e8ves des sections musique \u00e0 Paris Les \u00e9l\u00e8ves des sections musique du Lyc\u00e9e Marie Curie participeront le mardi 24 mars, \u00e0 Paris, au grand jury de d\u00e9lib\u00e9ration du Grand Prix Lyc\u00e9en des Compositeurs\u00a0: sur&#8230;<\/p>\n","protected":false},"author":1,"featured_media":166,"comment_status":"closed","ping_status":"open","sticky":false,"template":"","format":"standard","meta":{"footnotes":""},"categories":[189],"tags":[],"class_list":["post-167","post","type-post","status-publish","format-standard","has-post-thumbnail","hentry","category-la-vie-au-lycee"],"_links":{"self":[{"href":"https:\/\/www.lycee-mariecurie.org\/index.php\/wp-json\/wp\/v2\/posts\/167","targetHints":{"allow":["GET"]}}],"collection":[{"href":"https:\/\/www.lycee-mariecurie.org\/index.php\/wp-json\/wp\/v2\/posts"}],"about":[{"href":"https:\/\/www.lycee-mariecurie.org\/index.php\/wp-json\/wp\/v2\/types\/post"}],"author":[{"embeddable":true,"href":"https:\/\/www.lycee-mariecurie.org\/index.php\/wp-json\/wp\/v2\/users\/1"}],"replies":[{"embeddable":true,"href":"https:\/\/www.lycee-mariecurie.org\/index.php\/wp-json\/wp\/v2\/comments?post=167"}],"version-history":[{"count":0,"href":"https:\/\/www.lycee-mariecurie.org\/index.php\/wp-json\/wp\/v2\/posts\/167\/revisions"}],"wp:featuredmedia":[{"embeddable":true,"href":"https:\/\/www.lycee-mariecurie.org\/index.php\/wp-json\/wp\/v2\/media\/166"}],"wp:attachment":[{"href":"https:\/\/www.lycee-mariecurie.org\/index.php\/wp-json\/wp\/v2\/media?parent=167"}],"wp:term":[{"taxonomy":"category","embeddable":true,"href":"https:\/\/www.lycee-mariecurie.org\/index.php\/wp-json\/wp\/v2\/categories?post=167"},{"taxonomy":"post_tag","embeddable":true,"href":"https:\/\/www.lycee-mariecurie.org\/index.php\/wp-json\/wp\/v2\/tags?post=167"}],"curies":[{"name":"wp","href":"https:\/\/api.w.org\/{rel}","templated":true}]}}