{"id":1622,"date":"2018-12-18T11:23:30","date_gmt":"2018-12-18T10:23:30","guid":{"rendered":"http:\/\/dev.lycee-mariecurie.org\/?p=1622"},"modified":"2019-03-02T15:33:47","modified_gmt":"2019-03-02T14:33:47","slug":"les-eleves-de-la-section-musique-du-lycee-et-lensemble-la-chapelle-rhenane","status":"publish","type":"post","link":"https:\/\/www.lycee-mariecurie.org\/index.php\/2018\/12\/18\/les-eleves-de-la-section-musique-du-lycee-et-lensemble-la-chapelle-rhenane\/","title":{"rendered":"Les \u00e9l\u00e8ves de la Section Musique du Lyc\u00e9e et l&rsquo;ensemble La chapelle Rh\u00e9nane"},"content":{"rendered":"\n<p>\nDimanche 9 d\u00e9cembre, en\nl&rsquo;\u00e9glise Saint Pierre Le Jeune, 23 \u00e9l\u00e8ves de 1\u00e8re et de Terminale\nde la section musique se sont joints \u00e0 La Chapelle Rh\u00e9nane,\nensemble de musique baroque internationalement reconnu, pour\ninterpr\u00e9ter 3 cantates de J.S.BACH.<\/p>\n\n\n\n<p>\nCe concert est venu cl\u00f4turer\nleur collaboration qui a d\u00e9but\u00e9 au mois de novembre&nbsp;:\napprentissage des chorals, r\u00e9p\u00e9titions avec l&rsquo;orchestre install\u00e9\ndans nos locaux. Un grand moment de plaisir musical que nous esp\u00e9rons\npouvoir renouveler&#8230;. \n<\/p>\n\n\n\n<!--more-->\n\n\n\n<ul class=\"wp-block-gallery columns-1 is-cropped wp-block-gallery-1 is-layout-flex wp-block-gallery-is-layout-flex\"><li class=\"blocks-gallery-item\"><figure><a href=\"http:\/\/dev.lycee-mariecurie.org\/wp-content\/uploads\/2018\/12\/IMG_21171.jpg\"><img loading=\"lazy\" decoding=\"async\" width=\"3264\" height=\"2448\" src=\"http:\/\/dev.lycee-mariecurie.org\/wp-content\/uploads\/2018\/12\/IMG_21171.jpg\" alt=\"\" data-id=\"1624\" class=\"wp-image-1624\" srcset=\"https:\/\/www.lycee-mariecurie.org\/wp-content\/uploads\/2018\/12\/IMG_21171.jpg 3264w, https:\/\/www.lycee-mariecurie.org\/wp-content\/uploads\/2018\/12\/IMG_21171-300x225.jpg 300w, https:\/\/www.lycee-mariecurie.org\/wp-content\/uploads\/2018\/12\/IMG_21171-1024x768.jpg 1024w\" sizes=\"auto, (max-width: 3264px) 100vw, 3264px\" \/><\/a><\/figure><\/li><\/ul>\n\n\n\n<figure class=\"wp-block-image\"><img loading=\"lazy\" decoding=\"async\" width=\"3264\" height=\"2448\" src=\"http:\/\/dev.lycee-mariecurie.org\/wp-content\/uploads\/2018\/12\/IMG_21181.jpg\" alt=\"\" class=\"wp-image-1625\" srcset=\"https:\/\/www.lycee-mariecurie.org\/wp-content\/uploads\/2018\/12\/IMG_21181.jpg 3264w, https:\/\/www.lycee-mariecurie.org\/wp-content\/uploads\/2018\/12\/IMG_21181-300x225.jpg 300w, https:\/\/www.lycee-mariecurie.org\/wp-content\/uploads\/2018\/12\/IMG_21181-1024x768.jpg 1024w\" sizes=\"auto, (max-width: 3264px) 100vw, 3264px\" \/><\/figure>\n\n\n\n<figure class=\"wp-block-image\"><img loading=\"lazy\" decoding=\"async\" width=\"3264\" height=\"2448\" src=\"http:\/\/dev.lycee-mariecurie.org\/wp-content\/uploads\/2018\/12\/IMG_21271.jpg\" alt=\"\" class=\"wp-image-1623\" srcset=\"https:\/\/www.lycee-mariecurie.org\/wp-content\/uploads\/2018\/12\/IMG_21271.jpg 3264w, https:\/\/www.lycee-mariecurie.org\/wp-content\/uploads\/2018\/12\/IMG_21271-300x225.jpg 300w, https:\/\/www.lycee-mariecurie.org\/wp-content\/uploads\/2018\/12\/IMG_21271-1024x768.jpg 1024w\" sizes=\"auto, (max-width: 3264px) 100vw, 3264px\" \/><\/figure>\n","protected":false},"excerpt":{"rendered":"<p> Dimanche 9 d\u00e9cembre, en l&rsquo;\u00e9glise Saint Pierre Le Jeune, 23 \u00e9l\u00e8ves de 1\u00e8re et de Terminale de la section musique se sont joints \u00e0 La Chapelle Rh\u00e9nane, ensemble de musique baroque internationalement reconnu, pour interpr\u00e9ter 3 cantates de J.S.BACH.<\/p>\n","protected":false},"author":15,"featured_media":1623,"comment_status":"closed","ping_status":"closed","sticky":false,"template":"","format":"standard","meta":{"footnotes":""},"categories":[114,20,1,154],"tags":[],"class_list":["post-1622","post","type-post","status-publish","format-standard","has-post-thumbnail","hentry","category-la-culture","category-musique","category-non-classe","category-projets-de-classe"],"_links":{"self":[{"href":"https:\/\/www.lycee-mariecurie.org\/index.php\/wp-json\/wp\/v2\/posts\/1622","targetHints":{"allow":["GET"]}}],"collection":[{"href":"https:\/\/www.lycee-mariecurie.org\/index.php\/wp-json\/wp\/v2\/posts"}],"about":[{"href":"https:\/\/www.lycee-mariecurie.org\/index.php\/wp-json\/wp\/v2\/types\/post"}],"author":[{"embeddable":true,"href":"https:\/\/www.lycee-mariecurie.org\/index.php\/wp-json\/wp\/v2\/users\/15"}],"replies":[{"embeddable":true,"href":"https:\/\/www.lycee-mariecurie.org\/index.php\/wp-json\/wp\/v2\/comments?post=1622"}],"version-history":[{"count":3,"href":"https:\/\/www.lycee-mariecurie.org\/index.php\/wp-json\/wp\/v2\/posts\/1622\/revisions"}],"predecessor-version":[{"id":1731,"href":"https:\/\/www.lycee-mariecurie.org\/index.php\/wp-json\/wp\/v2\/posts\/1622\/revisions\/1731"}],"wp:featuredmedia":[{"embeddable":true,"href":"https:\/\/www.lycee-mariecurie.org\/index.php\/wp-json\/wp\/v2\/media\/1623"}],"wp:attachment":[{"href":"https:\/\/www.lycee-mariecurie.org\/index.php\/wp-json\/wp\/v2\/media?parent=1622"}],"wp:term":[{"taxonomy":"category","embeddable":true,"href":"https:\/\/www.lycee-mariecurie.org\/index.php\/wp-json\/wp\/v2\/categories?post=1622"},{"taxonomy":"post_tag","embeddable":true,"href":"https:\/\/www.lycee-mariecurie.org\/index.php\/wp-json\/wp\/v2\/tags?post=1622"}],"curies":[{"name":"wp","href":"https:\/\/api.w.org\/{rel}","templated":true}]}}