{"id":145,"date":"2014-11-11T08:07:35","date_gmt":"2014-11-11T07:07:35","guid":{"rendered":"http:\/\/wpress.lycee-mariecurie.org\/index.php\/2014\/11\/11\/expositiona-aa-identitasa-a\/"},"modified":"2017-05-31T12:19:25","modified_gmt":"2017-05-31T10:19:25","slug":"expositiona-aa-identitasa-a","status":"publish","type":"post","link":"https:\/\/www.lycee-mariecurie.org\/index.php\/2014\/11\/11\/expositiona-aa-identitasa-a\/","title":{"rendered":"Exposition\u00a0: \u00ab\u00a0Identit\u00e9(s)\u00a0\u00bb"},"content":{"rendered":"<p><strong>Exposition\u00a0: \u00ab\u00a0Identit\u00e9(s)\u00a0\u00bb<\/strong><\/p>\n<p>Le coll\u00e8ge de l?Esplanade et le lyc\u00e9e Marie Curie organisent une exposition d??uvres du FRAC (Fond r\u00e9gional d?art contemporain) autour du th\u00e8me de l?identit\u00e9.<\/p>\n<p>Photo-montage, sculptures, peintures, vid\u00e9o et installation. Venez nombreux d\u00e9couvrir ce moment de respiration artistique.<\/p>\n<p><strong>Lieu<\/strong>\u00a0: CDI du coll\u00e8ge de l?Esplanade<\/p>\n<p><strong>Horaires d?ouverture\u00a0: <\/strong><\/p>\n<p>Jeudi et vendredi 16H00-19H00<br \/>\n Samedi matin\u00a0: 10H00-12H00<\/p>\n","protected":false},"excerpt":{"rendered":"<p>Exposition\u00a0: \u00ab\u00a0Identit\u00e9(s)\u00a0\u00bb Le coll\u00e8ge de l?Esplanade et le lyc\u00e9e Marie Curie organisent une exposition d??uvres du FRAC (Fond r\u00e9gional d?art contemporain) autour du th\u00e8me de l?identit\u00e9. Photo-montage, sculptures, peintures, vid\u00e9o et installation. Venez nombreux d\u00e9couvrir ce moment de respiration artistique&#8230;.<\/p>\n","protected":false},"author":1,"featured_media":0,"comment_status":"closed","ping_status":"open","sticky":false,"template":"","format":"standard","meta":{"footnotes":""},"categories":[189],"tags":[],"class_list":["post-145","post","type-post","status-publish","format-standard","hentry","category-la-vie-au-lycee","no-post-thumbnail"],"_links":{"self":[{"href":"https:\/\/www.lycee-mariecurie.org\/index.php\/wp-json\/wp\/v2\/posts\/145","targetHints":{"allow":["GET"]}}],"collection":[{"href":"https:\/\/www.lycee-mariecurie.org\/index.php\/wp-json\/wp\/v2\/posts"}],"about":[{"href":"https:\/\/www.lycee-mariecurie.org\/index.php\/wp-json\/wp\/v2\/types\/post"}],"author":[{"embeddable":true,"href":"https:\/\/www.lycee-mariecurie.org\/index.php\/wp-json\/wp\/v2\/users\/1"}],"replies":[{"embeddable":true,"href":"https:\/\/www.lycee-mariecurie.org\/index.php\/wp-json\/wp\/v2\/comments?post=145"}],"version-history":[{"count":1,"href":"https:\/\/www.lycee-mariecurie.org\/index.php\/wp-json\/wp\/v2\/posts\/145\/revisions"}],"predecessor-version":[{"id":1128,"href":"https:\/\/www.lycee-mariecurie.org\/index.php\/wp-json\/wp\/v2\/posts\/145\/revisions\/1128"}],"wp:attachment":[{"href":"https:\/\/www.lycee-mariecurie.org\/index.php\/wp-json\/wp\/v2\/media?parent=145"}],"wp:term":[{"taxonomy":"category","embeddable":true,"href":"https:\/\/www.lycee-mariecurie.org\/index.php\/wp-json\/wp\/v2\/categories?post=145"},{"taxonomy":"post_tag","embeddable":true,"href":"https:\/\/www.lycee-mariecurie.org\/index.php\/wp-json\/wp\/v2\/tags?post=145"}],"curies":[{"name":"wp","href":"https:\/\/api.w.org\/{rel}","templated":true}]}}