{"id":1066,"date":"2017-05-14T16:42:55","date_gmt":"2017-05-14T14:42:55","guid":{"rendered":"http:\/\/dev.lycee-mariecurie.org\/?p=1066"},"modified":"2017-05-31T11:40:09","modified_gmt":"2017-05-31T09:40:09","slug":"journee-de-la-norvege-18-mai-2017","status":"publish","type":"post","link":"https:\/\/www.lycee-mariecurie.org\/index.php\/2017\/05\/14\/journee-de-la-norvege-18-mai-2017\/","title":{"rendered":"Journ\u00e9e de la Norv\u00e8ge 18 mai 2017"},"content":{"rendered":"<p><img loading=\"lazy\" decoding=\"async\" class=\" wp-image-1065\" src=\"http:\/\/dev.lycee-mariecurie.org\/wp-content\/uploads\/2017\/05\/journ\u00e9e_norv\u00e8ge-212x300.jpg\" alt=\"\" width=\"227\" height=\"321\" srcset=\"https:\/\/www.lycee-mariecurie.org\/wp-content\/uploads\/2017\/05\/journ\u00e9e_norv\u00e8ge-212x300.jpg 212w, https:\/\/www.lycee-mariecurie.org\/wp-content\/uploads\/2017\/05\/journ\u00e9e_norv\u00e8ge-724x1024.jpg 724w, https:\/\/www.lycee-mariecurie.org\/wp-content\/uploads\/2017\/05\/journ\u00e9e_norv\u00e8ge.jpg 1654w\" sizes=\"auto, (max-width: 227px) 100vw, 227px\" \/><\/p>\n<p>Afin de cl\u00f4turer le programme d&rsquo;\u00e9change de cette ann\u00e9e 2016-2017 avec notre partenaire officiel, le Lyc\u00e9e Mailand de L\u00f8renskog, les \u00e9l\u00e8ves de premi\u00e8re et terminale langue vivante approfondie (Anglais) du lyc\u00e9e Marie Curie invitent leurs camarades \u00e0 participer le jeudi 18 mai 2017 \u00e0 la journ\u00e9e de la Norv\u00e8ge au cours de laquelle ils leur feront part de cette exp\u00e9rience humaine, culturelle et linguistique par le biais d&rsquo;une exposition interactive (un lecteur de QR codes sur smartphone et une connexion internet mobile seront n\u00e9cessaires), mais \u00e9galement au travers de panneaux d&rsquo;information, et de pr\u00e9sentations en salle de conf\u00e9rence. Une pr\u00e9sentation du cursus de Norv\u00e9gien \u00e0 l&rsquo;universit\u00e9 de Strasbourg, ainsi qu&rsquo;une mini initiation au Norv\u00e9gien devrait \u00eatre propos\u00e9e.<\/p>\n<p>Nous vous encourageons vivement \u00e0 participer ou ne serait ce qu&rsquo;\u00e0 visiter cette exposition afin de venir d\u00e9couvrir tout l&rsquo;int\u00e9r\u00eat de ce partenariat auquel les futurs \u00e9l\u00e8ves de premi\u00e8re L L.V.A.\u00a0 sont d&rsquo;ores et d\u00e9j\u00e0 cordialement invit\u00e9s \u00e0 postuler pour l&rsquo;\u00e9change 2017-2018.<\/p>\n<p>&nbsp;<\/p>\n<p>Bruno Barboutie &amp; Laure Bournigault<\/p>\n<p>&nbsp;<\/p>\n","protected":false},"excerpt":{"rendered":"<p>Afin de cl\u00f4turer le programme d&rsquo;\u00e9change de cette ann\u00e9e 2016-2017 avec notre partenaire officiel, le Lyc\u00e9e Mailand de L\u00f8renskog, les \u00e9l\u00e8ves de premi\u00e8re et terminale langue vivante approfondie (Anglais) du lyc\u00e9e Marie Curie invitent leurs camarades \u00e0 participer le jeudi&#8230;<\/p>\n","protected":false},"author":5,"featured_media":0,"comment_status":"closed","ping_status":"closed","sticky":false,"template":"","format":"standard","meta":{"footnotes":""},"categories":[1],"tags":[192,193],"class_list":["post-1066","post","type-post","status-publish","format-standard","hentry","category-non-classe","tag-arts","tag-langues-vivantes","no-post-thumbnail"],"_links":{"self":[{"href":"https:\/\/www.lycee-mariecurie.org\/index.php\/wp-json\/wp\/v2\/posts\/1066","targetHints":{"allow":["GET"]}}],"collection":[{"href":"https:\/\/www.lycee-mariecurie.org\/index.php\/wp-json\/wp\/v2\/posts"}],"about":[{"href":"https:\/\/www.lycee-mariecurie.org\/index.php\/wp-json\/wp\/v2\/types\/post"}],"author":[{"embeddable":true,"href":"https:\/\/www.lycee-mariecurie.org\/index.php\/wp-json\/wp\/v2\/users\/5"}],"replies":[{"embeddable":true,"href":"https:\/\/www.lycee-mariecurie.org\/index.php\/wp-json\/wp\/v2\/comments?post=1066"}],"version-history":[{"count":1,"href":"https:\/\/www.lycee-mariecurie.org\/index.php\/wp-json\/wp\/v2\/posts\/1066\/revisions"}],"predecessor-version":[{"id":1069,"href":"https:\/\/www.lycee-mariecurie.org\/index.php\/wp-json\/wp\/v2\/posts\/1066\/revisions\/1069"}],"wp:attachment":[{"href":"https:\/\/www.lycee-mariecurie.org\/index.php\/wp-json\/wp\/v2\/media?parent=1066"}],"wp:term":[{"taxonomy":"category","embeddable":true,"href":"https:\/\/www.lycee-mariecurie.org\/index.php\/wp-json\/wp\/v2\/categories?post=1066"},{"taxonomy":"post_tag","embeddable":true,"href":"https:\/\/www.lycee-mariecurie.org\/index.php\/wp-json\/wp\/v2\/tags?post=1066"}],"curies":[{"name":"wp","href":"https:\/\/api.w.org\/{rel}","templated":true}]}}