{"id":1051,"date":"2017-05-09T22:45:12","date_gmt":"2017-05-09T20:45:12","guid":{"rendered":"http:\/\/dev.lycee-mariecurie.org\/?p=1051"},"modified":"2017-05-09T22:45:12","modified_gmt":"2017-05-09T20:45:12","slug":"femmes-et-sciences-a-olympe-de-gouges","status":"publish","type":"post","link":"https:\/\/www.lycee-mariecurie.org\/index.php\/2017\/05\/09\/femmes-et-sciences-a-olympe-de-gouges\/","title":{"rendered":"\u00ab\u00a0Femmes et Sciences\u00a0\u00bb \u00e0 Olympe de Gouges"},"content":{"rendered":"<div>Quelques \u00e9l\u00e8ves de 1S1 ont proc\u00e9d\u00e9 ce matin \u00e0 l&rsquo;accrochage de l&rsquo;exposition \u00ab\u00a0Femmes et Sciences\u00a0\u00bb \u00e0 la m\u00e9diath\u00e8que Olympe de Gouges de Strasbourg, rue Kuhn.<\/div>\n<div>Elle sera visible dans la salle de lecture du 9 mai au 3 juin.<\/div>\n<div><img loading=\"lazy\" decoding=\"async\" class=\"alignnone size-medium wp-image-1052\" src=\"http:\/\/dev.lycee-mariecurie.org\/wp-content\/uploads\/2017\/05\/P1030733-300x225.jpg\" alt=\"\" width=\"300\" height=\"225\" srcset=\"https:\/\/www.lycee-mariecurie.org\/wp-content\/uploads\/2017\/05\/P1030733-300x225.jpg 300w, https:\/\/www.lycee-mariecurie.org\/wp-content\/uploads\/2017\/05\/P1030733-1024x768.jpg 1024w\" sizes=\"auto, (max-width: 300px) 100vw, 300px\" \/> <img loading=\"lazy\" decoding=\"async\" class=\"alignnone size-medium wp-image-1053\" src=\"http:\/\/dev.lycee-mariecurie.org\/wp-content\/uploads\/2017\/05\/P1030758-300x225.jpg\" alt=\"\" width=\"300\" height=\"225\" srcset=\"https:\/\/www.lycee-mariecurie.org\/wp-content\/uploads\/2017\/05\/P1030758-300x225.jpg 300w, https:\/\/www.lycee-mariecurie.org\/wp-content\/uploads\/2017\/05\/P1030758-1024x768.jpg 1024w\" sizes=\"auto, (max-width: 300px) 100vw, 300px\" \/>\u00a0<\/div>\n","protected":false},"excerpt":{"rendered":"<p>Quelques \u00e9l\u00e8ves de 1S1 ont proc\u00e9d\u00e9 ce matin \u00e0 l&rsquo;accrochage de l&rsquo;exposition \u00ab\u00a0Femmes et Sciences\u00a0\u00bb \u00e0 la m\u00e9diath\u00e8que Olympe de Gouges de Strasbourg, rue Kuhn. Elle sera visible dans la salle de lecture du 9 mai au 3 juin. \u00a0<\/p>\n","protected":false},"author":14,"featured_media":0,"comment_status":"closed","ping_status":"closed","sticky":false,"template":"","format":"standard","meta":{"footnotes":""},"categories":[154],"tags":[191],"class_list":["post-1051","post","type-post","status-publish","format-standard","hentry","category-projets-de-classe","tag-sciences","no-post-thumbnail"],"_links":{"self":[{"href":"https:\/\/www.lycee-mariecurie.org\/index.php\/wp-json\/wp\/v2\/posts\/1051","targetHints":{"allow":["GET"]}}],"collection":[{"href":"https:\/\/www.lycee-mariecurie.org\/index.php\/wp-json\/wp\/v2\/posts"}],"about":[{"href":"https:\/\/www.lycee-mariecurie.org\/index.php\/wp-json\/wp\/v2\/types\/post"}],"author":[{"embeddable":true,"href":"https:\/\/www.lycee-mariecurie.org\/index.php\/wp-json\/wp\/v2\/users\/14"}],"replies":[{"embeddable":true,"href":"https:\/\/www.lycee-mariecurie.org\/index.php\/wp-json\/wp\/v2\/comments?post=1051"}],"version-history":[{"count":1,"href":"https:\/\/www.lycee-mariecurie.org\/index.php\/wp-json\/wp\/v2\/posts\/1051\/revisions"}],"predecessor-version":[{"id":1055,"href":"https:\/\/www.lycee-mariecurie.org\/index.php\/wp-json\/wp\/v2\/posts\/1051\/revisions\/1055"}],"wp:attachment":[{"href":"https:\/\/www.lycee-mariecurie.org\/index.php\/wp-json\/wp\/v2\/media?parent=1051"}],"wp:term":[{"taxonomy":"category","embeddable":true,"href":"https:\/\/www.lycee-mariecurie.org\/index.php\/wp-json\/wp\/v2\/categories?post=1051"},{"taxonomy":"post_tag","embeddable":true,"href":"https:\/\/www.lycee-mariecurie.org\/index.php\/wp-json\/wp\/v2\/tags?post=1051"}],"curies":[{"name":"wp","href":"https:\/\/api.w.org\/{rel}","templated":true}]}}